{"id":144,"date":"2018-02-19T11:59:30","date_gmt":"2018-02-19T10:59:30","guid":{"rendered":"http:\/\/nicolas-dulion.com\/?p=144"},"modified":"2018-05-04T15:37:49","modified_gmt":"2018-05-04T13:37:49","slug":"inauguration-centre-affaires-occitanie","status":"publish","type":"post","link":"https:\/\/nicolas-dulion.com\/index.php\/2018\/02\/19\/inauguration-centre-affaires-occitanie\/","title":{"rendered":"Inauguration : le plus grand centre d&rsquo;affaires d&rsquo;Occitanie"},"content":{"rendered":"<p>Le <strong>centre d&rsquo;affaires<\/strong> Espace Entreprise \u00e0 Montpellier s\u2019agrandit. D\u00e9sormais, il s&rsquo;agit du plus grand centre d&rsquo;affaires de l&rsquo;Occitanie. L&rsquo;inauguration du nouveau centre se fera en pr\u00e9sence du Maire de Montpellier Philippe Saurel et de <a href=\"https:\/\/www.facebook.com\/nicolas.dulion34\">Nicolas Dulion<\/a> lui-m\u00eame.<\/p>\n<p><!--more--><\/p>\n<h2>Nicolas Dulion Vous invite \u00e0 venir lors de l&rsquo;inauguration de Espace Entreprise Garosud<\/h2>\n<p>Cet espace entreprise se r\u00e9v\u00e8le un v\u00e9ritable atout pour\u00a0 la m\u00e9tropole Montpelli\u00e9raine. L\u2019agrandissement du centre d&rsquo;affaires a \u00e9t\u00e9 con\u00e7u dans le but de r\u00e9pondre aux besoins en locaux avec des services \u00ab\u00a0cl\u00e9s en main\u00a0\u00bb pour les TPE.<\/p>\n<p>L&rsquo;\u00e9v\u00e9nement aura lieu le 27 avril 2018, au 48 rue Claude Balbastre, 34070 Montpellier, \u00e0 compter de 11 heures.<\/p>\n<h2>A propos du centre d&rsquo;affaires<\/h2>\n<p><a href=\"http:\/\/nicolas-dulion.com\/index.php\/2017\/10\/02\/centre-affaires-espace-entreprises-montpellier\/\">Espace Entreprise<\/a> compte 100 bureaux, plus de 70 locaux d&rsquo;activit\u00e9s et de stockage, une dizaine de salles de r\u00e9unions, des services de restauration et une cr\u00e8che.<\/p>\n<h2>Pour assister \u00e0 l&rsquo;inauguration<\/h2>\n<p>Toute personne qui souhaite venir \u00e0 l&rsquo;inauguration, doit s&rsquo;inscrire sur Internet. Vous souhaitez participer \u00e0 cette \u00e9v\u00e9nement? Rendez-vous sur le site de Evenbrite et r\u00e9cup\u00e9rez votre invitation.<\/p>\n<p>Besoin d&rsquo;informations compl\u00e9mentaires? Vous pouvez vous rendre le la page de l&rsquo;\u00e9v\u00e9nement cr\u00e9\u00e9 par l&rsquo;\u00e9quipe de <a href=\"http:\/\/www.garosud.fr\/\">Nicolas Dulion<\/a> sur Facebook pour l&rsquo;occasion.<\/p>\n<p>&nbsp;<\/p>\n","protected":false},"excerpt":{"rendered":"<p>Le centre d&rsquo;affaires Espace Entreprise \u00e0 Montpellier s\u2019agrandit. D\u00e9sormais, il s&rsquo;agit du plus grand centre d&rsquo;affaires de l&rsquo;Occitanie. L&rsquo;inauguration du [&hellip;]<\/p>\n","protected":false},"author":1,"featured_media":145,"comment_status":"closed","ping_status":"closed","sticky":false,"template":"","format":"standard","meta":{"site-sidebar-layout":"default","site-content-layout":"","ast-site-content-layout":"default","site-content-style":"default","site-sidebar-style":"default","ast-global-header-display":"","ast-banner-title-visibility":"","ast-main-header-display":"","ast-hfb-above-header-display":"","ast-hfb-below-header-display":"","ast-hfb-mobile-header-display":"","site-post-title":"","ast-breadcrumbs-content":"","ast-featured-img":"","footer-sml-layout":"","theme-transparent-header-meta":"","adv-header-id-meta":"","stick-header-meta":"","header-above-stick-meta":"","header-main-stick-meta":"","header-below-stick-meta":"","astra-migrate-meta-layouts":"default","ast-page-background-enabled":"default","ast-page-background-meta":{"desktop":{"background-color":"var(--ast-global-color-5)","background-image":"","background-repeat":"repeat","background-position":"center center","background-size":"auto","background-attachment":"scroll","background-type":"","background-media":"","overlay-type":"","overlay-color":"","overlay-opacity":"","overlay-gradient":""},"tablet":{"background-color":"","background-image":"","background-repeat":"repeat","background-position":"center center","background-size":"auto","background-attachment":"scroll","background-type":"","background-media":"","overlay-type":"","overlay-color":"","overlay-opacity":"","overlay-gradient":""},"mobile":{"background-color":"","background-image":"","background-repeat":"repeat","background-position":"center center","background-size":"auto","background-attachment":"scroll","background-type":"","background-media":"","overlay-type":"","overlay-color":"","overlay-opacity":"","overlay-gradient":""}},"ast-content-background-meta":{"desktop":{"background-color":"var(--ast-global-color-4)","background-image":"","background-repeat":"repeat","background-position":"center center","background-size":"auto","background-attachment":"scroll","background-type":"","background-media":"","overlay-type":"","overlay-color":"","overlay-opacity":"","overlay-gradient":""},"tablet":{"background-color":"var(--ast-global-color-4)","background-image":"","background-repeat":"repeat","background-position":"center center","background-size":"auto","background-attachment":"scroll","background-type":"","background-media":"","overlay-type":"","overlay-color":"","overlay-opacity":"","overlay-gradient":""},"mobile":{"background-color":"var(--ast-global-color-4)","background-image":"","background-repeat":"repeat","background-position":"center center","background-size":"auto","background-attachment":"scroll","background-type":"","background-media":"","overlay-type":"","overlay-color":"","overlay-opacity":"","overlay-gradient":""}},"footnotes":""},"categories":[24],"tags":[26,16,25,10,27],"class_list":["post-144","post","type-post","status-publish","format-standard","has-post-thumbnail","hentry","category-zoom-sur","tag-centre-daffaires","tag-espace-entreprise","tag-inauguration","tag-nicolas-dulion","tag-philippe-saurel"],"yoast_head":"<!-- This site is optimized with the Yoast SEO plugin v26.0 - https:\/\/yoast.com\/wordpress\/plugins\/seo\/ -->\n<title>Inauguration : le plus grand centre d&#039;affaires d&#039;Occitanie - Nicolas Dulion<\/title>\n<meta name=\"description\" content=\"Nicolas Dulion Vous invite \u00e0 venir lors de l&#039;inauguration de Espace Entreprise Garosud Le centre d&#039;affaires Espace Entreprise \u00e0 Montpellier s\u2019agrandit.\" \/>\n<meta name=\"robots\" content=\"index, follow, max-snippet:-1, max-image-preview:large, max-video-preview:-1\" \/>\n<link rel=\"canonical\" href=\"http:\/\/nicolas-dulion.com\/index.php\/2018\/02\/19\/inauguration-centre-affaires-occitanie\/\" \/>\n<meta property=\"og:locale\" content=\"fr_FR\" \/>\n<meta property=\"og:type\" content=\"article\" \/>\n<meta property=\"og:title\" content=\"Inauguration : le plus grand centre d&#039;affaires d&#039;Occitanie - Nicolas Dulion\" \/>\n<meta property=\"og:description\" content=\"Nicolas Dulion Vous invite \u00e0 venir lors de l&#039;inauguration de Espace Entreprise Garosud Le centre d&#039;affaires Espace Entreprise \u00e0 Montpellier s\u2019agrandit.\" \/>\n<meta property=\"og:url\" content=\"http:\/\/nicolas-dulion.com\/index.php\/2018\/02\/19\/inauguration-centre-affaires-occitanie\/\" \/>\n<meta property=\"og:site_name\" content=\"Nicolas Dulion\" \/>\n<meta property=\"article:published_time\" content=\"2018-02-19T10:59:30+00:00\" \/>\n<meta property=\"article:modified_time\" content=\"2018-05-04T13:37:49+00:00\" \/>\n<meta property=\"og:image\" content=\"http:\/\/nicolas-dulion.com\/wp-content\/uploads\/2018\/02\/27540833_10159976068300261_95456387484536128_n.jpg\" \/>\n\t<meta property=\"og:image:width\" content=\"960\" \/>\n\t<meta property=\"og:image:height\" content=\"480\" \/>\n\t<meta property=\"og:image:type\" content=\"image\/jpeg\" \/>\n<meta name=\"author\" content=\"admin2066\" \/>\n<meta name=\"twitter:card\" content=\"summary_large_image\" \/>\n<meta name=\"twitter:label1\" content=\"\u00c9crit par\" \/>\n\t<meta name=\"twitter:data1\" content=\"admin2066\" \/>\n\t<meta name=\"twitter:label2\" content=\"Dur\u00e9e de lecture estim\u00e9e\" \/>\n\t<meta name=\"twitter:data2\" content=\"1 minute\" \/>\n<script type=\"application\/ld+json\" class=\"yoast-schema-graph\">{\"@context\":\"https:\/\/schema.org\",\"@graph\":[{\"@type\":\"Article\",\"@id\":\"http:\/\/nicolas-dulion.com\/index.php\/2018\/02\/19\/inauguration-centre-affaires-occitanie\/#article\",\"isPartOf\":{\"@id\":\"http:\/\/nicolas-dulion.com\/index.php\/2018\/02\/19\/inauguration-centre-affaires-occitanie\/\"},\"author\":{\"name\":\"admin2066\",\"@id\":\"https:\/\/nicolas-dulion.com\/#\/schema\/person\/8efe15273cc1bc4b2336db67df1b2c29\"},\"headline\":\"Inauguration : le plus grand centre d&rsquo;affaires d&rsquo;Occitanie\",\"datePublished\":\"2018-02-19T10:59:30+00:00\",\"dateModified\":\"2018-05-04T13:37:49+00:00\",\"mainEntityOfPage\":{\"@id\":\"http:\/\/nicolas-dulion.com\/index.php\/2018\/02\/19\/inauguration-centre-affaires-occitanie\/\"},\"wordCount\":226,\"publisher\":{\"@id\":\"https:\/\/nicolas-dulion.com\/#organization\"},\"image\":{\"@id\":\"http:\/\/nicolas-dulion.com\/index.php\/2018\/02\/19\/inauguration-centre-affaires-occitanie\/#primaryimage\"},\"thumbnailUrl\":\"https:\/\/nicolas-dulion.com\/wp-content\/uploads\/2018\/02\/27540833_10159976068300261_95456387484536128_n.jpg\",\"keywords\":[\"centre d'affaires\",\"espace entreprise\",\"inauguration\",\"Nicolas Dulion\",\"Philippe Saurel\"],\"articleSection\":[\"Zoom sur\"],\"inLanguage\":\"fr-FR\"},{\"@type\":\"WebPage\",\"@id\":\"http:\/\/nicolas-dulion.com\/index.php\/2018\/02\/19\/inauguration-centre-affaires-occitanie\/\",\"url\":\"http:\/\/nicolas-dulion.com\/index.php\/2018\/02\/19\/inauguration-centre-affaires-occitanie\/\",\"name\":\"Inauguration : le plus grand centre d'affaires d'Occitanie - Nicolas Dulion\",\"isPartOf\":{\"@id\":\"https:\/\/nicolas-dulion.com\/#website\"},\"primaryImageOfPage\":{\"@id\":\"http:\/\/nicolas-dulion.com\/index.php\/2018\/02\/19\/inauguration-centre-affaires-occitanie\/#primaryimage\"},\"image\":{\"@id\":\"http:\/\/nicolas-dulion.com\/index.php\/2018\/02\/19\/inauguration-centre-affaires-occitanie\/#primaryimage\"},\"thumbnailUrl\":\"https:\/\/nicolas-dulion.com\/wp-content\/uploads\/2018\/02\/27540833_10159976068300261_95456387484536128_n.jpg\",\"datePublished\":\"2018-02-19T10:59:30+00:00\",\"dateModified\":\"2018-05-04T13:37:49+00:00\",\"description\":\"Nicolas Dulion Vous invite \u00e0 venir lors de l'inauguration de Espace Entreprise Garosud Le centre d'affaires Espace Entreprise \u00e0 Montpellier s\u2019agrandit.\",\"breadcrumb\":{\"@id\":\"http:\/\/nicolas-dulion.com\/index.php\/2018\/02\/19\/inauguration-centre-affaires-occitanie\/#breadcrumb\"},\"inLanguage\":\"fr-FR\",\"potentialAction\":[{\"@type\":\"ReadAction\",\"target\":[\"http:\/\/nicolas-dulion.com\/index.php\/2018\/02\/19\/inauguration-centre-affaires-occitanie\/\"]}]},{\"@type\":\"ImageObject\",\"inLanguage\":\"fr-FR\",\"@id\":\"http:\/\/nicolas-dulion.com\/index.php\/2018\/02\/19\/inauguration-centre-affaires-occitanie\/#primaryimage\",\"url\":\"https:\/\/nicolas-dulion.com\/wp-content\/uploads\/2018\/02\/27540833_10159976068300261_95456387484536128_n.jpg\",\"contentUrl\":\"https:\/\/nicolas-dulion.com\/wp-content\/uploads\/2018\/02\/27540833_10159976068300261_95456387484536128_n.jpg\",\"width\":960,\"height\":480,\"caption\":\"Nicolas Dulion Espace Entreprise inauguration\"},{\"@type\":\"BreadcrumbList\",\"@id\":\"http:\/\/nicolas-dulion.com\/index.php\/2018\/02\/19\/inauguration-centre-affaires-occitanie\/#breadcrumb\",\"itemListElement\":[{\"@type\":\"ListItem\",\"position\":1,\"name\":\"Home\",\"item\":\"https:\/\/nicolas-dulion.com\/\"},{\"@type\":\"ListItem\",\"position\":2,\"name\":\"Inauguration : le plus grand centre d&rsquo;affaires d&rsquo;Occitanie\"}]},{\"@type\":\"WebSite\",\"@id\":\"https:\/\/nicolas-dulion.com\/#website\",\"url\":\"https:\/\/nicolas-dulion.com\/\",\"name\":\"Nicolas Dulion\",\"description\":\"Coworking - Espace Entreprise Montpellier - Pitch de cr\u00e9ateurs d&#039;entreprise - Association des entreprises de Garosud\",\"publisher\":{\"@id\":\"https:\/\/nicolas-dulion.com\/#organization\"},\"potentialAction\":[{\"@type\":\"SearchAction\",\"target\":{\"@type\":\"EntryPoint\",\"urlTemplate\":\"https:\/\/nicolas-dulion.com\/?s={search_term_string}\"},\"query-input\":{\"@type\":\"PropertyValueSpecification\",\"valueRequired\":true,\"valueName\":\"search_term_string\"}}],\"inLanguage\":\"fr-FR\"},{\"@type\":\"Organization\",\"@id\":\"https:\/\/nicolas-dulion.com\/#organization\",\"name\":\"Nicolas Dulion\",\"url\":\"https:\/\/nicolas-dulion.com\/\",\"logo\":{\"@type\":\"ImageObject\",\"inLanguage\":\"fr-FR\",\"@id\":\"https:\/\/nicolas-dulion.com\/#\/schema\/logo\/image\/\",\"url\":\"https:\/\/nicolas-dulion.com\/wp-content\/uploads\/2025\/10\/E-Grimaud-E-GRIMAUD_55A8140-E-scaled.jpg\",\"contentUrl\":\"https:\/\/nicolas-dulion.com\/wp-content\/uploads\/2025\/10\/E-Grimaud-E-GRIMAUD_55A8140-E-scaled.jpg\",\"width\":2560,\"height\":2560,\"caption\":\"Nicolas Dulion\"},\"image\":{\"@id\":\"https:\/\/nicolas-dulion.com\/#\/schema\/logo\/image\/\"}},{\"@type\":\"Person\",\"@id\":\"https:\/\/nicolas-dulion.com\/#\/schema\/person\/8efe15273cc1bc4b2336db67df1b2c29\",\"name\":\"admin2066\",\"image\":{\"@type\":\"ImageObject\",\"inLanguage\":\"fr-FR\",\"@id\":\"https:\/\/nicolas-dulion.com\/#\/schema\/person\/image\/\",\"url\":\"https:\/\/secure.gravatar.com\/avatar\/6a69b8c54249d96ce0e0e64eab6bec507f957c0eefd4906d64bf2db74b96bd12?s=96&d=mm&r=g\",\"contentUrl\":\"https:\/\/secure.gravatar.com\/avatar\/6a69b8c54249d96ce0e0e64eab6bec507f957c0eefd4906d64bf2db74b96bd12?s=96&d=mm&r=g\",\"caption\":\"admin2066\"},\"url\":\"https:\/\/nicolas-dulion.com\/index.php\/author\/admin2066\/\"}]}<\/script>\n<!-- \/ Yoast SEO plugin. -->","yoast_head_json":{"title":"Inauguration : le plus grand centre d'affaires d'Occitanie - Nicolas Dulion","description":"Nicolas Dulion Vous invite \u00e0 venir lors de l'inauguration de Espace Entreprise Garosud Le centre d'affaires Espace Entreprise \u00e0 Montpellier s\u2019agrandit.","robots":{"index":"index","follow":"follow","max-snippet":"max-snippet:-1","max-image-preview":"max-image-preview:large","max-video-preview":"max-video-preview:-1"},"canonical":"http:\/\/nicolas-dulion.com\/index.php\/2018\/02\/19\/inauguration-centre-affaires-occitanie\/","og_locale":"fr_FR","og_type":"article","og_title":"Inauguration : le plus grand centre d'affaires d'Occitanie - Nicolas Dulion","og_description":"Nicolas Dulion Vous invite \u00e0 venir lors de l'inauguration de Espace Entreprise Garosud Le centre d'affaires Espace Entreprise \u00e0 Montpellier s\u2019agrandit.","og_url":"http:\/\/nicolas-dulion.com\/index.php\/2018\/02\/19\/inauguration-centre-affaires-occitanie\/","og_site_name":"Nicolas Dulion","article_published_time":"2018-02-19T10:59:30+00:00","article_modified_time":"2018-05-04T13:37:49+00:00","og_image":[{"width":960,"height":480,"url":"http:\/\/nicolas-dulion.com\/wp-content\/uploads\/2018\/02\/27540833_10159976068300261_95456387484536128_n.jpg","type":"image\/jpeg"}],"author":"admin2066","twitter_card":"summary_large_image","twitter_misc":{"\u00c9crit par":"admin2066","Dur\u00e9e de lecture estim\u00e9e":"1 minute"},"schema":{"@context":"https:\/\/schema.org","@graph":[{"@type":"Article","@id":"http:\/\/nicolas-dulion.com\/index.php\/2018\/02\/19\/inauguration-centre-affaires-occitanie\/#article","isPartOf":{"@id":"http:\/\/nicolas-dulion.com\/index.php\/2018\/02\/19\/inauguration-centre-affaires-occitanie\/"},"author":{"name":"admin2066","@id":"https:\/\/nicolas-dulion.com\/#\/schema\/person\/8efe15273cc1bc4b2336db67df1b2c29"},"headline":"Inauguration : le plus grand centre d&rsquo;affaires d&rsquo;Occitanie","datePublished":"2018-02-19T10:59:30+00:00","dateModified":"2018-05-04T13:37:49+00:00","mainEntityOfPage":{"@id":"http:\/\/nicolas-dulion.com\/index.php\/2018\/02\/19\/inauguration-centre-affaires-occitanie\/"},"wordCount":226,"publisher":{"@id":"https:\/\/nicolas-dulion.com\/#organization"},"image":{"@id":"http:\/\/nicolas-dulion.com\/index.php\/2018\/02\/19\/inauguration-centre-affaires-occitanie\/#primaryimage"},"thumbnailUrl":"https:\/\/nicolas-dulion.com\/wp-content\/uploads\/2018\/02\/27540833_10159976068300261_95456387484536128_n.jpg","keywords":["centre d'affaires","espace entreprise","inauguration","Nicolas Dulion","Philippe Saurel"],"articleSection":["Zoom sur"],"inLanguage":"fr-FR"},{"@type":"WebPage","@id":"http:\/\/nicolas-dulion.com\/index.php\/2018\/02\/19\/inauguration-centre-affaires-occitanie\/","url":"http:\/\/nicolas-dulion.com\/index.php\/2018\/02\/19\/inauguration-centre-affaires-occitanie\/","name":"Inauguration : le plus grand centre d'affaires d'Occitanie - Nicolas Dulion","isPartOf":{"@id":"https:\/\/nicolas-dulion.com\/#website"},"primaryImageOfPage":{"@id":"http:\/\/nicolas-dulion.com\/index.php\/2018\/02\/19\/inauguration-centre-affaires-occitanie\/#primaryimage"},"image":{"@id":"http:\/\/nicolas-dulion.com\/index.php\/2018\/02\/19\/inauguration-centre-affaires-occitanie\/#primaryimage"},"thumbnailUrl":"https:\/\/nicolas-dulion.com\/wp-content\/uploads\/2018\/02\/27540833_10159976068300261_95456387484536128_n.jpg","datePublished":"2018-02-19T10:59:30+00:00","dateModified":"2018-05-04T13:37:49+00:00","description":"Nicolas Dulion Vous invite \u00e0 venir lors de l'inauguration de Espace Entreprise Garosud Le centre d'affaires Espace Entreprise \u00e0 Montpellier s\u2019agrandit.","breadcrumb":{"@id":"http:\/\/nicolas-dulion.com\/index.php\/2018\/02\/19\/inauguration-centre-affaires-occitanie\/#breadcrumb"},"inLanguage":"fr-FR","potentialAction":[{"@type":"ReadAction","target":["http:\/\/nicolas-dulion.com\/index.php\/2018\/02\/19\/inauguration-centre-affaires-occitanie\/"]}]},{"@type":"ImageObject","inLanguage":"fr-FR","@id":"http:\/\/nicolas-dulion.com\/index.php\/2018\/02\/19\/inauguration-centre-affaires-occitanie\/#primaryimage","url":"https:\/\/nicolas-dulion.com\/wp-content\/uploads\/2018\/02\/27540833_10159976068300261_95456387484536128_n.jpg","contentUrl":"https:\/\/nicolas-dulion.com\/wp-content\/uploads\/2018\/02\/27540833_10159976068300261_95456387484536128_n.jpg","width":960,"height":480,"caption":"Nicolas Dulion Espace Entreprise inauguration"},{"@type":"BreadcrumbList","@id":"http:\/\/nicolas-dulion.com\/index.php\/2018\/02\/19\/inauguration-centre-affaires-occitanie\/#breadcrumb","itemListElement":[{"@type":"ListItem","position":1,"name":"Home","item":"https:\/\/nicolas-dulion.com\/"},{"@type":"ListItem","position":2,"name":"Inauguration : le plus grand centre d&rsquo;affaires d&rsquo;Occitanie"}]},{"@type":"WebSite","@id":"https:\/\/nicolas-dulion.com\/#website","url":"https:\/\/nicolas-dulion.com\/","name":"Nicolas Dulion","description":"Coworking - Espace Entreprise Montpellier - Pitch de cr\u00e9ateurs d&#039;entreprise - Association des entreprises de Garosud","publisher":{"@id":"https:\/\/nicolas-dulion.com\/#organization"},"potentialAction":[{"@type":"SearchAction","target":{"@type":"EntryPoint","urlTemplate":"https:\/\/nicolas-dulion.com\/?s={search_term_string}"},"query-input":{"@type":"PropertyValueSpecification","valueRequired":true,"valueName":"search_term_string"}}],"inLanguage":"fr-FR"},{"@type":"Organization","@id":"https:\/\/nicolas-dulion.com\/#organization","name":"Nicolas Dulion","url":"https:\/\/nicolas-dulion.com\/","logo":{"@type":"ImageObject","inLanguage":"fr-FR","@id":"https:\/\/nicolas-dulion.com\/#\/schema\/logo\/image\/","url":"https:\/\/nicolas-dulion.com\/wp-content\/uploads\/2025\/10\/E-Grimaud-E-GRIMAUD_55A8140-E-scaled.jpg","contentUrl":"https:\/\/nicolas-dulion.com\/wp-content\/uploads\/2025\/10\/E-Grimaud-E-GRIMAUD_55A8140-E-scaled.jpg","width":2560,"height":2560,"caption":"Nicolas Dulion"},"image":{"@id":"https:\/\/nicolas-dulion.com\/#\/schema\/logo\/image\/"}},{"@type":"Person","@id":"https:\/\/nicolas-dulion.com\/#\/schema\/person\/8efe15273cc1bc4b2336db67df1b2c29","name":"admin2066","image":{"@type":"ImageObject","inLanguage":"fr-FR","@id":"https:\/\/nicolas-dulion.com\/#\/schema\/person\/image\/","url":"https:\/\/secure.gravatar.com\/avatar\/6a69b8c54249d96ce0e0e64eab6bec507f957c0eefd4906d64bf2db74b96bd12?s=96&d=mm&r=g","contentUrl":"https:\/\/secure.gravatar.com\/avatar\/6a69b8c54249d96ce0e0e64eab6bec507f957c0eefd4906d64bf2db74b96bd12?s=96&d=mm&r=g","caption":"admin2066"},"url":"https:\/\/nicolas-dulion.com\/index.php\/author\/admin2066\/"}]}},"_links":{"self":[{"href":"https:\/\/nicolas-dulion.com\/index.php\/wp-json\/wp\/v2\/posts\/144","targetHints":{"allow":["GET"]}}],"collection":[{"href":"https:\/\/nicolas-dulion.com\/index.php\/wp-json\/wp\/v2\/posts"}],"about":[{"href":"https:\/\/nicolas-dulion.com\/index.php\/wp-json\/wp\/v2\/types\/post"}],"author":[{"embeddable":true,"href":"https:\/\/nicolas-dulion.com\/index.php\/wp-json\/wp\/v2\/users\/1"}],"replies":[{"embeddable":true,"href":"https:\/\/nicolas-dulion.com\/index.php\/wp-json\/wp\/v2\/comments?post=144"}],"version-history":[{"count":2,"href":"https:\/\/nicolas-dulion.com\/index.php\/wp-json\/wp\/v2\/posts\/144\/revisions"}],"predecessor-version":[{"id":154,"href":"https:\/\/nicolas-dulion.com\/index.php\/wp-json\/wp\/v2\/posts\/144\/revisions\/154"}],"wp:featuredmedia":[{"embeddable":true,"href":"https:\/\/nicolas-dulion.com\/index.php\/wp-json\/wp\/v2\/media\/145"}],"wp:attachment":[{"href":"https:\/\/nicolas-dulion.com\/index.php\/wp-json\/wp\/v2\/media?parent=144"}],"wp:term":[{"taxonomy":"category","embeddable":true,"href":"https:\/\/nicolas-dulion.com\/index.php\/wp-json\/wp\/v2\/categories?post=144"},{"taxonomy":"post_tag","embeddable":true,"href":"https:\/\/nicolas-dulion.com\/index.php\/wp-json\/wp\/v2\/tags?post=144"}],"curies":[{"name":"wp","href":"https:\/\/api.w.org\/{rel}","templated":true}]}}