{"id":220,"date":"2021-07-27T15:56:59","date_gmt":"2021-07-27T13:56:59","guid":{"rendered":"http:\/\/nicolas-dulion.com\/?p=220"},"modified":"2023-03-21T09:04:51","modified_gmt":"2023-03-21T08:04:51","slug":"espace-entreprise-resilient-nicolas-dulion-observe-le-comportement-des-entreprises-sur-les-problematiques-du-foncier-et-du-management","status":"publish","type":"post","link":"https:\/\/nicolas-dulion.com\/index.php\/2021\/07\/27\/espace-entreprise-resilient-nicolas-dulion-observe-le-comportement-des-entreprises-sur-les-problematiques-du-foncier-et-du-management\/","title":{"rendered":"La covid et apr\u00e8s ! : comportement des entreprises sur les probl\u00e9matiques des bureaux et coworking"},"content":{"rendered":"<p class=\"yiv7526548793MsoNormal\">Nicolas Dulion observe <strong>le comportement des entreprises sur les probl\u00e9matiques du foncier et du management<\/strong><\/p>\n<p>A la t\u00eate de l&rsquo; <a href=\"https:\/\/centres.pro\/\"><strong>Espace Entreprise Mill\u00e9naire<\/strong><\/a> et de l&rsquo; <strong>Espace Entreprise Garosud, <\/strong> <a href=\"https:\/\/dulion.fr\">Nicolas Dulion<\/a> propose une gamme de services autour de la domiciliation d&rsquo;entreprise et de la location temporaire de bureau.<br \/>\nLa crise que nous traversons a rencontr\u00e9 en avant un dr\u00f4le de paradoxe : \u00e0 la fois il manque du foncier sur beaucoup de territoire pour le d\u00e9veloppement des entreprises, et en m\u00eame temps, les grandes structures voient leur b\u00e2timent se vider par le t\u00e9l\u00e9travail.<\/p>\n<p class=\"yiv7526548793MsoNormal\">Est-ce que les habitudes de travail \u00e0 distance vont perdurer ?<br \/>\nEst-ce que les nouveaux b\u00e2timents pr\u00e9voiront plus de 10m\u00b2 par salari\u00e9 ?<br \/>\nEn attendant de suivre ces (r)\u00e9volutions,<br \/>\nNicolas a observ\u00e9 une mutation dans son march\u00e9 : \u00ab <strong><i>les clients, pour la plupart des soci\u00e9t\u00e9s de services, n&rsquo;ont plus besoin de la m\u00eame surface, et ont besoin de r\u00e9duire les charges fixes.<\/i><\/strong><strong>\u00a0<i><\/i><\/strong><\/p>\n<figure id=\"attachment_214\" aria-describedby=\"caption-attachment-214\" style=\"width: 3579px\" class=\"wp-caption alignnone\"><img fetchpriority=\"high\" decoding=\"async\" class=\"size-full wp-image-214\" src=\"http:\/\/nicolas-dulion.com\/wp-content\/uploads\/2021\/07\/Inauguration-Espace-Entreprise-Garosud-27_04_18-48.jpg\" alt=\"Coworking Espace Entreprise Montpellier\" width=\"3579\" height=\"2386\" srcset=\"https:\/\/nicolas-dulion.com\/wp-content\/uploads\/2021\/07\/Inauguration-Espace-Entreprise-Garosud-27_04_18-48.jpg 3579w, https:\/\/nicolas-dulion.com\/wp-content\/uploads\/2021\/07\/Inauguration-Espace-Entreprise-Garosud-27_04_18-48-300x200.jpg 300w, https:\/\/nicolas-dulion.com\/wp-content\/uploads\/2021\/07\/Inauguration-Espace-Entreprise-Garosud-27_04_18-48-768x512.jpg 768w, https:\/\/nicolas-dulion.com\/wp-content\/uploads\/2021\/07\/Inauguration-Espace-Entreprise-Garosud-27_04_18-48-1024x683.jpg 1024w\" sizes=\"(max-width: 3579px) 100vw, 3579px\" \/><figcaption id=\"caption-attachment-214\" class=\"wp-caption-text\">Salon du Coworking Espace Entreprise Montpellier<\/figcaption><\/figure>\n<p class=\"yiv7526548793MsoNormal\"><i><strong>La multiplication du t\u00e9l\u00e9 n\u00e9cessite ponctuellement une salle pour travailler \u00e0 l&rsquo;ensemble de l&rsquo;\u00e9quipe. <\/strong>Alors je vois arriver un nouveau type de client\u00e8le qui <a href=\"https:\/\/centres.pro\/domiciliation-montpellier\/\">domicilie l&rsquo;entreprise<\/a> et prend des services compl\u00e9mentaires selon ses besoins r\u00e9els. <\/i>\u00a0\u00bb<\/p>\n<p class=\"yiv7526548793MsoNormal\">La souplesse de l&rsquo;offre d&rsquo;Espace Entreprise r\u00e9pond \u00e0 ces nouvelles attentes\u00a0: la r\u00e9alit\u00e9 du besoin ponctuel et la r\u00e9activit\u00e9 de la r\u00e9ponse r\u00e9active.<\/p>\n<p class=\"yiv7526548793MsoNormal\">Nicolas Dulion est membre du r\u00e9seau des centres d&rsquo;affaires national (ce quiLe covid et apr\u00e8s ! : comportement des entreprises sur les probl\u00e9matiques des bureaux et coworking apporte d&rsquo;autres avantages \u00e0 ses clients) et a remarqu\u00e9 l&rsquo;\u00e9volution des demandes de conditions de travail des nouvelles g\u00e9n\u00e9rations : \u00ab\u00a0 <i>C&rsquo;est aussi une r\u00e9ponse adapt\u00e9e au management de la g\u00e9n\u00e9ration Y.<\/i><\/p>\n<p class=\"yiv7526548793MsoNormal\"><i>Elle repr\u00e9sente 20 % des effectifs en 2020.<br \/>\nIls attendent autre choisi de l&rsquo;entreprise. La qualit\u00e9 de vie au travail est un facteur de fid\u00e9lisation des \u00e9quipes, un atout pour recruter les bons profils. Leur gestion doit permettre de mieux \u00e9quilibrer vie priv\u00e9e et vie professionnelle.<br \/>\nLes locaux flexibles, inspirants, ouverts, connect\u00e9s, le <a href=\"https:\/\/www.centres.pro\" target=\"_blank\" rel=\"nofollow noopener noreferrer\" shape=\"rect\">Coworking Montpellier<\/a> et autres tiers lieu sont au c\u0153ur de leurs attentes. <\/i>\u00a0\u00bb<\/p>\n","protected":false},"excerpt":{"rendered":"<p>Nicolas Dulion observe le comportement des entreprises sur les probl\u00e9matiques du foncier et du management A la t\u00eate de l&rsquo; [&hellip;]<\/p>\n","protected":false},"author":1,"featured_media":166,"comment_status":"closed","ping_status":"closed","sticky":false,"template":"","format":"standard","meta":{"site-sidebar-layout":"default","site-content-layout":"","ast-site-content-layout":"default","site-content-style":"default","site-sidebar-style":"default","ast-global-header-display":"","ast-banner-title-visibility":"","ast-main-header-display":"","ast-hfb-above-header-display":"","ast-hfb-below-header-display":"","ast-hfb-mobile-header-display":"","site-post-title":"","ast-breadcrumbs-content":"","ast-featured-img":"","footer-sml-layout":"","theme-transparent-header-meta":"","adv-header-id-meta":"","stick-header-meta":"","header-above-stick-meta":"","header-main-stick-meta":"","header-below-stick-meta":"","astra-migrate-meta-layouts":"default","ast-page-background-enabled":"default","ast-page-background-meta":{"desktop":{"background-color":"var(--ast-global-color-5)","background-image":"","background-repeat":"repeat","background-position":"center center","background-size":"auto","background-attachment":"scroll","background-type":"","background-media":"","overlay-type":"","overlay-color":"","overlay-opacity":"","overlay-gradient":""},"tablet":{"background-color":"","background-image":"","background-repeat":"repeat","background-position":"center center","background-size":"auto","background-attachment":"scroll","background-type":"","background-media":"","overlay-type":"","overlay-color":"","overlay-opacity":"","overlay-gradient":""},"mobile":{"background-color":"","background-image":"","background-repeat":"repeat","background-position":"center center","background-size":"auto","background-attachment":"scroll","background-type":"","background-media":"","overlay-type":"","overlay-color":"","overlay-opacity":"","overlay-gradient":""}},"ast-content-background-meta":{"desktop":{"background-color":"var(--ast-global-color-4)","background-image":"","background-repeat":"repeat","background-position":"center center","background-size":"auto","background-attachment":"scroll","background-type":"","background-media":"","overlay-type":"","overlay-color":"","overlay-opacity":"","overlay-gradient":""},"tablet":{"background-color":"var(--ast-global-color-4)","background-image":"","background-repeat":"repeat","background-position":"center center","background-size":"auto","background-attachment":"scroll","background-type":"","background-media":"","overlay-type":"","overlay-color":"","overlay-opacity":"","overlay-gradient":""},"mobile":{"background-color":"var(--ast-global-color-4)","background-image":"","background-repeat":"repeat","background-position":"center center","background-size":"auto","background-attachment":"scroll","background-type":"","background-media":"","overlay-type":"","overlay-color":"","overlay-opacity":"","overlay-gradient":""}},"footnotes":""},"categories":[24],"tags":[32,35,31,34,9],"class_list":["post-220","post","type-post","status-publish","format-standard","has-post-thumbnail","hentry","category-zoom-sur","tag-bureaux","tag-comportement-des-entreprises","tag-coworking","tag-le-covid","tag-montpellier"],"yoast_head":"<!-- This site is optimized with the Yoast SEO plugin v26.0 - https:\/\/yoast.com\/wordpress\/plugins\/seo\/ -->\n<title>La covid et apr\u00e8s ! : comportement des entreprises sur les probl\u00e9matiques des bureaux et coworking - Nicolas Dulion<\/title>\n<meta name=\"description\" content=\"Evolution des usages de bureaux et coworking apres le covid \u00e0 Montpellier\" \/>\n<meta name=\"robots\" content=\"index, follow, max-snippet:-1, max-image-preview:large, max-video-preview:-1\" \/>\n<link rel=\"canonical\" href=\"http:\/\/nicolas-dulion.com\/index.php\/2021\/07\/27\/espace-entreprise-resilient-nicolas-dulion-observe-le-comportement-des-entreprises-sur-les-problematiques-du-foncier-et-du-management\/\" \/>\n<meta property=\"og:locale\" content=\"fr_FR\" \/>\n<meta property=\"og:type\" content=\"article\" \/>\n<meta property=\"og:title\" content=\"La covid et apr\u00e8s ! : comportement des entreprises sur les probl\u00e9matiques des bureaux et coworking - Nicolas Dulion\" \/>\n<meta property=\"og:description\" content=\"Evolution des usages de bureaux et coworking apres le covid \u00e0 Montpellier\" \/>\n<meta property=\"og:url\" content=\"http:\/\/nicolas-dulion.com\/index.php\/2021\/07\/27\/espace-entreprise-resilient-nicolas-dulion-observe-le-comportement-des-entreprises-sur-les-problematiques-du-foncier-et-du-management\/\" \/>\n<meta property=\"og:site_name\" content=\"Nicolas Dulion\" \/>\n<meta property=\"article:published_time\" content=\"2021-07-27T13:56:59+00:00\" \/>\n<meta property=\"article:modified_time\" content=\"2023-03-21T08:04:51+00:00\" \/>\n<meta property=\"og:image\" content=\"http:\/\/nicolas-dulion.com\/wp-content\/uploads\/2018\/06\/nicolas-dulion-immobilier-bureaux.jpg\" \/>\n\t<meta property=\"og:image:width\" content=\"1061\" \/>\n\t<meta property=\"og:image:height\" content=\"731\" \/>\n\t<meta property=\"og:image:type\" content=\"image\/jpeg\" \/>\n<meta name=\"author\" content=\"admin2066\" \/>\n<meta name=\"twitter:card\" content=\"summary_large_image\" \/>\n<meta name=\"twitter:label1\" content=\"\u00c9crit par\" \/>\n\t<meta name=\"twitter:data1\" content=\"admin2066\" \/>\n\t<meta name=\"twitter:label2\" content=\"Dur\u00e9e de lecture estim\u00e9e\" \/>\n\t<meta name=\"twitter:data2\" content=\"2 minutes\" \/>\n<script type=\"application\/ld+json\" class=\"yoast-schema-graph\">{\"@context\":\"https:\/\/schema.org\",\"@graph\":[{\"@type\":\"Article\",\"@id\":\"http:\/\/nicolas-dulion.com\/index.php\/2021\/07\/27\/espace-entreprise-resilient-nicolas-dulion-observe-le-comportement-des-entreprises-sur-les-problematiques-du-foncier-et-du-management\/#article\",\"isPartOf\":{\"@id\":\"http:\/\/nicolas-dulion.com\/index.php\/2021\/07\/27\/espace-entreprise-resilient-nicolas-dulion-observe-le-comportement-des-entreprises-sur-les-problematiques-du-foncier-et-du-management\/\"},\"author\":{\"name\":\"admin2066\",\"@id\":\"https:\/\/nicolas-dulion.com\/#\/schema\/person\/8efe15273cc1bc4b2336db67df1b2c29\"},\"headline\":\"La covid et apr\u00e8s ! : comportement des entreprises sur les probl\u00e9matiques des bureaux et coworking\",\"datePublished\":\"2021-07-27T13:56:59+00:00\",\"dateModified\":\"2023-03-21T08:04:51+00:00\",\"mainEntityOfPage\":{\"@id\":\"http:\/\/nicolas-dulion.com\/index.php\/2021\/07\/27\/espace-entreprise-resilient-nicolas-dulion-observe-le-comportement-des-entreprises-sur-les-problematiques-du-foncier-et-du-management\/\"},\"wordCount\":402,\"publisher\":{\"@id\":\"https:\/\/nicolas-dulion.com\/#organization\"},\"image\":{\"@id\":\"http:\/\/nicolas-dulion.com\/index.php\/2021\/07\/27\/espace-entreprise-resilient-nicolas-dulion-observe-le-comportement-des-entreprises-sur-les-problematiques-du-foncier-et-du-management\/#primaryimage\"},\"thumbnailUrl\":\"https:\/\/nicolas-dulion.com\/wp-content\/uploads\/2018\/06\/nicolas-dulion-immobilier-bureaux.jpg\",\"keywords\":[\"bureaux\",\"comportement des entreprises\",\"coworking\",\"Le covid\",\"Montpellier\"],\"articleSection\":[\"Zoom sur\"],\"inLanguage\":\"fr-FR\"},{\"@type\":\"WebPage\",\"@id\":\"http:\/\/nicolas-dulion.com\/index.php\/2021\/07\/27\/espace-entreprise-resilient-nicolas-dulion-observe-le-comportement-des-entreprises-sur-les-problematiques-du-foncier-et-du-management\/\",\"url\":\"http:\/\/nicolas-dulion.com\/index.php\/2021\/07\/27\/espace-entreprise-resilient-nicolas-dulion-observe-le-comportement-des-entreprises-sur-les-problematiques-du-foncier-et-du-management\/\",\"name\":\"La covid et apr\u00e8s ! : comportement des entreprises sur les probl\u00e9matiques des bureaux et coworking - Nicolas Dulion\",\"isPartOf\":{\"@id\":\"https:\/\/nicolas-dulion.com\/#website\"},\"primaryImageOfPage\":{\"@id\":\"http:\/\/nicolas-dulion.com\/index.php\/2021\/07\/27\/espace-entreprise-resilient-nicolas-dulion-observe-le-comportement-des-entreprises-sur-les-problematiques-du-foncier-et-du-management\/#primaryimage\"},\"image\":{\"@id\":\"http:\/\/nicolas-dulion.com\/index.php\/2021\/07\/27\/espace-entreprise-resilient-nicolas-dulion-observe-le-comportement-des-entreprises-sur-les-problematiques-du-foncier-et-du-management\/#primaryimage\"},\"thumbnailUrl\":\"https:\/\/nicolas-dulion.com\/wp-content\/uploads\/2018\/06\/nicolas-dulion-immobilier-bureaux.jpg\",\"datePublished\":\"2021-07-27T13:56:59+00:00\",\"dateModified\":\"2023-03-21T08:04:51+00:00\",\"description\":\"Evolution des usages de bureaux et coworking apres le covid \u00e0 Montpellier\",\"breadcrumb\":{\"@id\":\"http:\/\/nicolas-dulion.com\/index.php\/2021\/07\/27\/espace-entreprise-resilient-nicolas-dulion-observe-le-comportement-des-entreprises-sur-les-problematiques-du-foncier-et-du-management\/#breadcrumb\"},\"inLanguage\":\"fr-FR\",\"potentialAction\":[{\"@type\":\"ReadAction\",\"target\":[\"http:\/\/nicolas-dulion.com\/index.php\/2021\/07\/27\/espace-entreprise-resilient-nicolas-dulion-observe-le-comportement-des-entreprises-sur-les-problematiques-du-foncier-et-du-management\/\"]}]},{\"@type\":\"ImageObject\",\"inLanguage\":\"fr-FR\",\"@id\":\"http:\/\/nicolas-dulion.com\/index.php\/2021\/07\/27\/espace-entreprise-resilient-nicolas-dulion-observe-le-comportement-des-entreprises-sur-les-problematiques-du-foncier-et-du-management\/#primaryimage\",\"url\":\"https:\/\/nicolas-dulion.com\/wp-content\/uploads\/2018\/06\/nicolas-dulion-immobilier-bureaux.jpg\",\"contentUrl\":\"https:\/\/nicolas-dulion.com\/wp-content\/uploads\/2018\/06\/nicolas-dulion-immobilier-bureaux.jpg\",\"width\":1061,\"height\":731,\"caption\":\"Nicolas Dulion : coworking et immobilier de bureaux\"},{\"@type\":\"BreadcrumbList\",\"@id\":\"http:\/\/nicolas-dulion.com\/index.php\/2021\/07\/27\/espace-entreprise-resilient-nicolas-dulion-observe-le-comportement-des-entreprises-sur-les-problematiques-du-foncier-et-du-management\/#breadcrumb\",\"itemListElement\":[{\"@type\":\"ListItem\",\"position\":1,\"name\":\"Home\",\"item\":\"https:\/\/nicolas-dulion.com\/\"},{\"@type\":\"ListItem\",\"position\":2,\"name\":\"La covid et apr\u00e8s ! : comportement des entreprises sur les probl\u00e9matiques des bureaux et coworking\"}]},{\"@type\":\"WebSite\",\"@id\":\"https:\/\/nicolas-dulion.com\/#website\",\"url\":\"https:\/\/nicolas-dulion.com\/\",\"name\":\"Nicolas Dulion\",\"description\":\"Coworking - Espace Entreprise Montpellier - Pitch de cr\u00e9ateurs d&#039;entreprise - Association des entreprises de Garosud\",\"publisher\":{\"@id\":\"https:\/\/nicolas-dulion.com\/#organization\"},\"potentialAction\":[{\"@type\":\"SearchAction\",\"target\":{\"@type\":\"EntryPoint\",\"urlTemplate\":\"https:\/\/nicolas-dulion.com\/?s={search_term_string}\"},\"query-input\":{\"@type\":\"PropertyValueSpecification\",\"valueRequired\":true,\"valueName\":\"search_term_string\"}}],\"inLanguage\":\"fr-FR\"},{\"@type\":\"Organization\",\"@id\":\"https:\/\/nicolas-dulion.com\/#organization\",\"name\":\"Nicolas Dulion\",\"url\":\"https:\/\/nicolas-dulion.com\/\",\"logo\":{\"@type\":\"ImageObject\",\"inLanguage\":\"fr-FR\",\"@id\":\"https:\/\/nicolas-dulion.com\/#\/schema\/logo\/image\/\",\"url\":\"https:\/\/nicolas-dulion.com\/wp-content\/uploads\/2025\/10\/E-Grimaud-E-GRIMAUD_55A8140-E-scaled.jpg\",\"contentUrl\":\"https:\/\/nicolas-dulion.com\/wp-content\/uploads\/2025\/10\/E-Grimaud-E-GRIMAUD_55A8140-E-scaled.jpg\",\"width\":2560,\"height\":2560,\"caption\":\"Nicolas Dulion\"},\"image\":{\"@id\":\"https:\/\/nicolas-dulion.com\/#\/schema\/logo\/image\/\"}},{\"@type\":\"Person\",\"@id\":\"https:\/\/nicolas-dulion.com\/#\/schema\/person\/8efe15273cc1bc4b2336db67df1b2c29\",\"name\":\"admin2066\",\"image\":{\"@type\":\"ImageObject\",\"inLanguage\":\"fr-FR\",\"@id\":\"https:\/\/nicolas-dulion.com\/#\/schema\/person\/image\/\",\"url\":\"https:\/\/secure.gravatar.com\/avatar\/6a69b8c54249d96ce0e0e64eab6bec507f957c0eefd4906d64bf2db74b96bd12?s=96&d=mm&r=g\",\"contentUrl\":\"https:\/\/secure.gravatar.com\/avatar\/6a69b8c54249d96ce0e0e64eab6bec507f957c0eefd4906d64bf2db74b96bd12?s=96&d=mm&r=g\",\"caption\":\"admin2066\"},\"url\":\"https:\/\/nicolas-dulion.com\/index.php\/author\/admin2066\/\"}]}<\/script>\n<!-- \/ Yoast SEO plugin. -->","yoast_head_json":{"title":"La covid et apr\u00e8s ! : comportement des entreprises sur les probl\u00e9matiques des bureaux et coworking - Nicolas Dulion","description":"Evolution des usages de bureaux et coworking apres le covid \u00e0 Montpellier","robots":{"index":"index","follow":"follow","max-snippet":"max-snippet:-1","max-image-preview":"max-image-preview:large","max-video-preview":"max-video-preview:-1"},"canonical":"http:\/\/nicolas-dulion.com\/index.php\/2021\/07\/27\/espace-entreprise-resilient-nicolas-dulion-observe-le-comportement-des-entreprises-sur-les-problematiques-du-foncier-et-du-management\/","og_locale":"fr_FR","og_type":"article","og_title":"La covid et apr\u00e8s ! : comportement des entreprises sur les probl\u00e9matiques des bureaux et coworking - Nicolas Dulion","og_description":"Evolution des usages de bureaux et coworking apres le covid \u00e0 Montpellier","og_url":"http:\/\/nicolas-dulion.com\/index.php\/2021\/07\/27\/espace-entreprise-resilient-nicolas-dulion-observe-le-comportement-des-entreprises-sur-les-problematiques-du-foncier-et-du-management\/","og_site_name":"Nicolas Dulion","article_published_time":"2021-07-27T13:56:59+00:00","article_modified_time":"2023-03-21T08:04:51+00:00","og_image":[{"width":1061,"height":731,"url":"http:\/\/nicolas-dulion.com\/wp-content\/uploads\/2018\/06\/nicolas-dulion-immobilier-bureaux.jpg","type":"image\/jpeg"}],"author":"admin2066","twitter_card":"summary_large_image","twitter_misc":{"\u00c9crit par":"admin2066","Dur\u00e9e de lecture estim\u00e9e":"2 minutes"},"schema":{"@context":"https:\/\/schema.org","@graph":[{"@type":"Article","@id":"http:\/\/nicolas-dulion.com\/index.php\/2021\/07\/27\/espace-entreprise-resilient-nicolas-dulion-observe-le-comportement-des-entreprises-sur-les-problematiques-du-foncier-et-du-management\/#article","isPartOf":{"@id":"http:\/\/nicolas-dulion.com\/index.php\/2021\/07\/27\/espace-entreprise-resilient-nicolas-dulion-observe-le-comportement-des-entreprises-sur-les-problematiques-du-foncier-et-du-management\/"},"author":{"name":"admin2066","@id":"https:\/\/nicolas-dulion.com\/#\/schema\/person\/8efe15273cc1bc4b2336db67df1b2c29"},"headline":"La covid et apr\u00e8s ! : comportement des entreprises sur les probl\u00e9matiques des bureaux et coworking","datePublished":"2021-07-27T13:56:59+00:00","dateModified":"2023-03-21T08:04:51+00:00","mainEntityOfPage":{"@id":"http:\/\/nicolas-dulion.com\/index.php\/2021\/07\/27\/espace-entreprise-resilient-nicolas-dulion-observe-le-comportement-des-entreprises-sur-les-problematiques-du-foncier-et-du-management\/"},"wordCount":402,"publisher":{"@id":"https:\/\/nicolas-dulion.com\/#organization"},"image":{"@id":"http:\/\/nicolas-dulion.com\/index.php\/2021\/07\/27\/espace-entreprise-resilient-nicolas-dulion-observe-le-comportement-des-entreprises-sur-les-problematiques-du-foncier-et-du-management\/#primaryimage"},"thumbnailUrl":"https:\/\/nicolas-dulion.com\/wp-content\/uploads\/2018\/06\/nicolas-dulion-immobilier-bureaux.jpg","keywords":["bureaux","comportement des entreprises","coworking","Le covid","Montpellier"],"articleSection":["Zoom sur"],"inLanguage":"fr-FR"},{"@type":"WebPage","@id":"http:\/\/nicolas-dulion.com\/index.php\/2021\/07\/27\/espace-entreprise-resilient-nicolas-dulion-observe-le-comportement-des-entreprises-sur-les-problematiques-du-foncier-et-du-management\/","url":"http:\/\/nicolas-dulion.com\/index.php\/2021\/07\/27\/espace-entreprise-resilient-nicolas-dulion-observe-le-comportement-des-entreprises-sur-les-problematiques-du-foncier-et-du-management\/","name":"La covid et apr\u00e8s ! : comportement des entreprises sur les probl\u00e9matiques des bureaux et coworking - Nicolas Dulion","isPartOf":{"@id":"https:\/\/nicolas-dulion.com\/#website"},"primaryImageOfPage":{"@id":"http:\/\/nicolas-dulion.com\/index.php\/2021\/07\/27\/espace-entreprise-resilient-nicolas-dulion-observe-le-comportement-des-entreprises-sur-les-problematiques-du-foncier-et-du-management\/#primaryimage"},"image":{"@id":"http:\/\/nicolas-dulion.com\/index.php\/2021\/07\/27\/espace-entreprise-resilient-nicolas-dulion-observe-le-comportement-des-entreprises-sur-les-problematiques-du-foncier-et-du-management\/#primaryimage"},"thumbnailUrl":"https:\/\/nicolas-dulion.com\/wp-content\/uploads\/2018\/06\/nicolas-dulion-immobilier-bureaux.jpg","datePublished":"2021-07-27T13:56:59+00:00","dateModified":"2023-03-21T08:04:51+00:00","description":"Evolution des usages de bureaux et coworking apres le covid \u00e0 Montpellier","breadcrumb":{"@id":"http:\/\/nicolas-dulion.com\/index.php\/2021\/07\/27\/espace-entreprise-resilient-nicolas-dulion-observe-le-comportement-des-entreprises-sur-les-problematiques-du-foncier-et-du-management\/#breadcrumb"},"inLanguage":"fr-FR","potentialAction":[{"@type":"ReadAction","target":["http:\/\/nicolas-dulion.com\/index.php\/2021\/07\/27\/espace-entreprise-resilient-nicolas-dulion-observe-le-comportement-des-entreprises-sur-les-problematiques-du-foncier-et-du-management\/"]}]},{"@type":"ImageObject","inLanguage":"fr-FR","@id":"http:\/\/nicolas-dulion.com\/index.php\/2021\/07\/27\/espace-entreprise-resilient-nicolas-dulion-observe-le-comportement-des-entreprises-sur-les-problematiques-du-foncier-et-du-management\/#primaryimage","url":"https:\/\/nicolas-dulion.com\/wp-content\/uploads\/2018\/06\/nicolas-dulion-immobilier-bureaux.jpg","contentUrl":"https:\/\/nicolas-dulion.com\/wp-content\/uploads\/2018\/06\/nicolas-dulion-immobilier-bureaux.jpg","width":1061,"height":731,"caption":"Nicolas Dulion : coworking et immobilier de bureaux"},{"@type":"BreadcrumbList","@id":"http:\/\/nicolas-dulion.com\/index.php\/2021\/07\/27\/espace-entreprise-resilient-nicolas-dulion-observe-le-comportement-des-entreprises-sur-les-problematiques-du-foncier-et-du-management\/#breadcrumb","itemListElement":[{"@type":"ListItem","position":1,"name":"Home","item":"https:\/\/nicolas-dulion.com\/"},{"@type":"ListItem","position":2,"name":"La covid et apr\u00e8s ! : comportement des entreprises sur les probl\u00e9matiques des bureaux et coworking"}]},{"@type":"WebSite","@id":"https:\/\/nicolas-dulion.com\/#website","url":"https:\/\/nicolas-dulion.com\/","name":"Nicolas Dulion","description":"Coworking - Espace Entreprise Montpellier - Pitch de cr\u00e9ateurs d&#039;entreprise - Association des entreprises de Garosud","publisher":{"@id":"https:\/\/nicolas-dulion.com\/#organization"},"potentialAction":[{"@type":"SearchAction","target":{"@type":"EntryPoint","urlTemplate":"https:\/\/nicolas-dulion.com\/?s={search_term_string}"},"query-input":{"@type":"PropertyValueSpecification","valueRequired":true,"valueName":"search_term_string"}}],"inLanguage":"fr-FR"},{"@type":"Organization","@id":"https:\/\/nicolas-dulion.com\/#organization","name":"Nicolas Dulion","url":"https:\/\/nicolas-dulion.com\/","logo":{"@type":"ImageObject","inLanguage":"fr-FR","@id":"https:\/\/nicolas-dulion.com\/#\/schema\/logo\/image\/","url":"https:\/\/nicolas-dulion.com\/wp-content\/uploads\/2025\/10\/E-Grimaud-E-GRIMAUD_55A8140-E-scaled.jpg","contentUrl":"https:\/\/nicolas-dulion.com\/wp-content\/uploads\/2025\/10\/E-Grimaud-E-GRIMAUD_55A8140-E-scaled.jpg","width":2560,"height":2560,"caption":"Nicolas Dulion"},"image":{"@id":"https:\/\/nicolas-dulion.com\/#\/schema\/logo\/image\/"}},{"@type":"Person","@id":"https:\/\/nicolas-dulion.com\/#\/schema\/person\/8efe15273cc1bc4b2336db67df1b2c29","name":"admin2066","image":{"@type":"ImageObject","inLanguage":"fr-FR","@id":"https:\/\/nicolas-dulion.com\/#\/schema\/person\/image\/","url":"https:\/\/secure.gravatar.com\/avatar\/6a69b8c54249d96ce0e0e64eab6bec507f957c0eefd4906d64bf2db74b96bd12?s=96&d=mm&r=g","contentUrl":"https:\/\/secure.gravatar.com\/avatar\/6a69b8c54249d96ce0e0e64eab6bec507f957c0eefd4906d64bf2db74b96bd12?s=96&d=mm&r=g","caption":"admin2066"},"url":"https:\/\/nicolas-dulion.com\/index.php\/author\/admin2066\/"}]}},"_links":{"self":[{"href":"https:\/\/nicolas-dulion.com\/index.php\/wp-json\/wp\/v2\/posts\/220","targetHints":{"allow":["GET"]}}],"collection":[{"href":"https:\/\/nicolas-dulion.com\/index.php\/wp-json\/wp\/v2\/posts"}],"about":[{"href":"https:\/\/nicolas-dulion.com\/index.php\/wp-json\/wp\/v2\/types\/post"}],"author":[{"embeddable":true,"href":"https:\/\/nicolas-dulion.com\/index.php\/wp-json\/wp\/v2\/users\/1"}],"replies":[{"embeddable":true,"href":"https:\/\/nicolas-dulion.com\/index.php\/wp-json\/wp\/v2\/comments?post=220"}],"version-history":[{"count":3,"href":"https:\/\/nicolas-dulion.com\/index.php\/wp-json\/wp\/v2\/posts\/220\/revisions"}],"predecessor-version":[{"id":324,"href":"https:\/\/nicolas-dulion.com\/index.php\/wp-json\/wp\/v2\/posts\/220\/revisions\/324"}],"wp:featuredmedia":[{"embeddable":true,"href":"https:\/\/nicolas-dulion.com\/index.php\/wp-json\/wp\/v2\/media\/166"}],"wp:attachment":[{"href":"https:\/\/nicolas-dulion.com\/index.php\/wp-json\/wp\/v2\/media?parent=220"}],"wp:term":[{"taxonomy":"category","embeddable":true,"href":"https:\/\/nicolas-dulion.com\/index.php\/wp-json\/wp\/v2\/categories?post=220"},{"taxonomy":"post_tag","embeddable":true,"href":"https:\/\/nicolas-dulion.com\/index.php\/wp-json\/wp\/v2\/tags?post=220"}],"curies":[{"name":"wp","href":"https:\/\/api.w.org\/{rel}","templated":true}]}}